{"id":4147,"date":"2017-05-02T14:19:47","date_gmt":"2017-05-02T13:19:47","guid":{"rendered":"https:\/\/test2017.mgt-conseils.com\/?p=4147"},"modified":"2018-01-24T16:59:24","modified_gmt":"2018-01-24T15:59:24","slug":"evenement-conrad-gbaguidi-directeur-de-mgt-conseils-anime-conference-lentreprenariat-jeunes-benin","status":"publish","type":"post","link":"https:\/\/test2017.mgt-conseils.com\/index.php\/2017\/05\/02\/evenement-conrad-gbaguidi-directeur-de-mgt-conseils-anime-conference-lentreprenariat-jeunes-benin\/","title":{"rendered":"\u00c9v\u00e8nement : Conrad Gbaguidi, directeur de MGT Conseils anime une conf\u00e9rence sur l&rsquo;entreprenariat des jeunes au B\u00e9nin"},"content":{"rendered":"<p>Le<strong>\u00a0samedi 6 mai 2017<\/strong>, la\u00a0<strong>Salle <\/strong><strong>polyvalente <\/strong><strong>de la <\/strong><strong>Chaire <\/strong><strong>UNESCO<\/strong>\u00a0de l\u2019<strong>Universit\u00e9 d\u2019Abomey-Calavi (UAC)<\/strong>\u00a0accueillera\u00a0<strong>Conrad <\/strong><strong>GBAGUIDI<\/strong><strong>,<\/strong>\u00a0Directeur G\u00e9n\u00e9ral de l\u2019entreprise\u00a0<strong>MGT Conseils<\/strong>\u00a0et de la soci\u00e9t\u00e9\u00a0<a href=\"http:\/\/five-erp.com\/\"><strong>Five ERP<\/strong><\/a>\u00a0pour animer une conf\u00e9rence sur l\u2019entreprenariat des jeunes au B\u00e9nin. Plus de 70 apprenants sont attendus \u00e0 l\u2019\u00e9v\u00e8nement.<\/p>\n<p>C\u00e9l\u00e8bre pour son expertise dans la cr\u00e9ation et le d\u00e9veloppement d\u2019entreprise, notamment avec le concours t\u00e9l\u00e9vis\u00e9 Boss Acad\u00e9mie dont il est le promoteur, Conrad GBAGUIDI s\u2019adressera \u00e0 un public jeune et en qu\u00eate de nouvelles et bonnes\u00a0id\u00e9es. Pour participer \u00e0 la conf\u00e9rence, les inscriptions se font\u00a0<a href=\"https:\/\/www.eventbrite.fr\/e\/billets-conference-lentreprenariat-des-jeunes-au-benin-33987538643\">ici<\/a><\/p>\n<h2>S\u2019instruire pour cr\u00e9er et d\u00e9velopper son entreprise au B\u00e9nin.<\/h2>\n<p>\u00c9tudiant ou jeune actif ? La conf\u00e9rence \u00ab L\u2019entreprenariat des jeunes en R\u00e9publique du B\u00e9nin \u00bb est ouverte \u00e0 tout individu voulant sauter le pas de\u00a0la cr\u00e9ation d\u2019entreprise au B\u00e9nin. Durant cette conf\u00e9rence, Conrad GBAGUIDI pr\u00e9sentera sa vision concr\u00e8te du jeune entrepreneur B\u00e9ninois progressant dans la r\u00e9alit\u00e9 socio-\u00e9conomique du B\u00e9nin. Il formulera ses pr\u00e9conisations pour une politique plus favorable \u00e0 la cr\u00e9ation d\u2019entreprise et \u00e0 l\u2019auto-entrepreneuriat.<\/p>\n<p>Cette conf\u00e9rence est donc l\u2019\u00e9v\u00e8nement \u00e0 ne pas manquer, si vous avez encore des\u00a0doutes sur l\u2019entreprenariat<\/p>\n<h2>Cr\u00e9ation d\u2019entreprise et auto-entreprenariat : quelle place pour le num\u00e9rique au B\u00e9nin ?<\/h2>\n<p>Au B\u00e9nin et dans le reste du monde, le digital fait le buzz ! Cr\u00e9atrices d\u2019opportunit\u00e9s, les start-ups du digital se d\u00e9veloppent. N\u00e9anmoins, si le num\u00e9rique est un secteur profitable, l\u2019entreprenariat reste une aventure\u00a0p\u00e9rilleuse\u00a0pour laquelle il faut se pr\u00e9parer en commen\u00e7ant par s\u2019informer. C\u2019est davantage un pr\u00e9requis lorsqu\u2019on est jeune avec peu de bagage.<\/p>\n<p>L\u2019\u00e9v\u00e8nement sur \u00ab l\u2019entrepreneuriat des jeunes en r\u00e9publique du B\u00e9nin \u00bb pr\u00e9sid\u00e9e par Conrad GBAGUIDI est une opportunit\u00e9 pour les jeunes ambitieux en qu\u00eate de r\u00e9ponses pour lancer leur projet\u00a0. Pour\u00a0participer \u00e0 l\u2019\u00e9v\u00e8nement,\u00a0cliquez\u00a0<a href=\"https:\/\/www.eventbrite.fr\/e\/billets-conference-lentreprenariat-des-jeunes-au-benin-33987538643\">ici\u00a0<\/a>:\u00a0<a href=\"https:\/\/www.eventbrite.fr\/e\/billets-conference-lentreprenariat-des-jeunes-au-benin-33987538643\">inscription Conf\u00e9rence L\u2019entreprenariat des jeunes au B\u00e9nin<\/a><\/p>\n<blockquote><p><strong>Conf\u00e9rence<\/strong> : L\u2019entreprenariat des jeunes en R\u00e9publique du B\u00e9nin<\/p>\n<p><strong>Date<\/strong> : 6 mai 2017<\/p>\n<p><strong>Horaire<\/strong> : A partir de 9H00<\/p>\n<p><strong>Lieu<\/strong> : L\u2019Universit\u00e9 d\u2019Abomey-Calavi, Salle polyvalente de la chaire UNESCO \u2013 01 BP 526 Cotonou, B\u00c9NIN<\/p>\n<script src=\"https:\/\/ajax.googleapis.com\/ajax\/libs\/webfont\/1.5.10\/webfont.js\"><\/script><script type=\"text\/javascript\">\r\nWebFont.load({\r\n\tgoogle: {families:['Arial'],\r\n        api: '\/fonts\/api'} \r\n})\r\n<\/script> <style type=\"text\/css\"><\/style><style type=\"text\/css\">\r\n\r\n\r\n.button_wrapper_id_4151{\r\n\tmargin-top: 10px!important;\r\n\tmargin-right: 10px!important;\r\n\tmargin-bottom: 10px!important;\r\n\tmargin-left: 10px!important;\r\n\tdisplay: inline-block;}\r\n.button_container_id_4151{\r\n\twidth: 200px!important;\t\r\n\ttext-align: center!important;\r\n\tmargin: 0 auto!important;\t\r\n}\r\n\r\n\r\n.wd_button_4151{\r\n\t line-height: 1.42857143;\r\n\ttext-decoration: none!important;\r\n\tdisplay: inline-block;\r\n\tborder-bottom: none;\t\r\n\twidth: 169px!important;\r\n\theight: 45px;\r\n\tpadding-top: 10px!important;\r\n\tpadding-right: 10px!important;\r\n\tpadding-bottom: 10px!important;\r\n\tpadding-left: 10px!important;\r\n\tcolor: #ffffff!important;\r\n\tfont-family:Arial;\r\n\tfont-size: 15px!important;\r\n\tfont-weight: bold;\r\n\tfont-style: ;\r\n\ttext-align: center;\r\n\r\n\t\t\tborder-top-left-radius: 10px;\r\n\t\tborder-top-right-radius: 10px;\r\n\t\tborder-bottom-left-radius:  10px;\r\n\t\tborder-bottom-right-radius: 10px;\r\n\t\t\r\n\t\t\r\n\r\n\t\t\t\t\tborder-style: solid;\r\n\t\t\tborder-width: 3px;\r\n\t\t\tborder-color: #19c916;\r\n\t\t\t\t\t\ttext-shadow:0px 0px 0px #ffffff;\r\n\r\n\r\n\t\t\t-webkit-box-shadow: 0px 0px 0px #b5b5b5;\r\n\t\t\t-moz-box-shadow: 0px 0px 0px #b5b5b5;\r\n\t\t\tbox-shadow: 0px 0px 0px #b5b5b5;\r\n\r\n\r\n\t\t\tbackground: -webkit-gradient(linear, left top, left bottom, color-stop(45%, rgba(25,201,22,1)), color-stop(1, rgba(25,201,22,1)));\r\n\t\t\tbackground: -moz-linear-gradient(rgba(25,201,22,1) 45%, rgba(25,201,22,1));\r\n\t\t\tbackground: -o-linear-gradient(rgba(25,201,22,1) 45%, rgba(25,201,22,1));\r\n\t\t\tbackground: linear-gradient(rgba(25,201,22,1) 45%, rgba(25,201,22,1));\r\n\t\t\twebkit-transition: all 0.3s;\r\n\t\t\t-moz-transition: all 0.3s;\r\n\t\t\ttransition: all 0.3s;\r\n\t\t}\r\n\r\n\t\t\r\n\r\n\t\t\t.wd_button_4151:hover{\r\n\t\t\t\tcolor: #ffffff!important;\r\n\t\t\t\ttext-shadow:0px 0px 0px #ffffff;\r\n\t\t\t\ttext-shadow-color:#ffffff;\t\r\n\t\t\t\tborder-color: #81d742;\r\n\t\t\t\t-webkit-box-shadow: 0px 0px 0px #b5b5b5;\r\n\t\t\t\t-moz-box-shadow: 0px 0px 0px #b5b5b5;\r\n\t\t\t\tbox-shadow: 0px 0px 0px #b5b5b5;\r\n\r\n\t\t\t\t\t\t\t\t\tbackground: -webkit-gradient(linear, left top, left bottom, color-stop(45%, rgba(129,215,66,1)), color-stop(1, rgba(129,215,66,1)));\r\n\t\t\t\t\tbackground: -moz-linear-gradient(rgba(129,215,66,1) 45%, rgba(129,215,66,1));\r\n\t\t\t\t\tbackground: -o-linear-gradient(rgba(129,215,66,1) 45%, rgba(129,215,66,1));\r\n\t\t\t\t\tbackground: linear-gradient(rgba(129,215,66,1) 45%, rgba(129,215,66,1));\r\n\t\t\t\t\t\r\n\r\n\t\t\t\t\twebkit-transition: all 0.3s;\r\n\t\t\t\t\t-moz-transition: all 0.3s;\r\n\t\t\t\t\ttransition: all 0.3s;\r\n\t\t\t\t}\r\n\t\t\t\t<\/style><div class=\"button_wrapper_id_4151\">\r\n\t<div class=\"button_container button_container_id_4151\">\t\r\n\t\t<a href=\"https:\/\/www.eventbrite.fr\/e\/billets-conference-lentreprenariat-des-jeunes-au-benin-33987538643\" target=\"_blank\" id=\"wd_button\" class=\"wd-hvr-simple wd_button_4151\"  >JE PARTICIPE<\/a>\t\r\n\t\t<div class=\"clear_fix\"><\/div>\r\n\t<\/div>\r\n<\/div>\n<p>&nbsp;<\/p><\/blockquote>\n","protected":false},"excerpt":{"rendered":"<p><strong>Conrad <\/strong><strong>GBAGUIDI<\/strong><strong>,<\/strong>\u00a0Directeur G\u00e9n\u00e9ral de l\u2019entreprise\u00a0<strong>MGT Conseils<\/strong> animera une conf\u00e9rence sur l\u2019entreprenariat des jeunes au B\u00e9nin. Plus de 70 apprenants sont attendus <a href=\"https:\/\/test2017.mgt-conseils.com\/index.php\/2017\/05\/02\/evenement-conrad-gbaguidi-directeur-de-mgt-conseils-anime-conference-lentreprenariat-jeunes-benin\/\">[&#8230;]<\/a><\/p>\n","protected":false},"author":1,"featured_media":4158,"comment_status":"open","ping_status":"open","sticky":false,"template":"","format":"standard","meta":[],"categories":[52,53],"tags":[],"yoast_head":"<!-- This site is optimized with the Yoast SEO plugin v15.6.2 - https:\/\/yoast.com\/wordpress\/plugins\/seo\/ -->\n<title>\u00c9v\u00e8nement : Conrad Gbaguidi, directeur de MGT Conseils anime une conf\u00e9rence sur l&#039;entreprenariat des jeunes au B\u00e9nin - MGT Conseils<\/title>\n<meta name=\"robots\" content=\"index, follow, max-snippet:-1, max-image-preview:large, max-video-preview:-1\" \/>\n<link rel=\"canonical\" href=\"https:\/\/test2017.mgt-conseils.com\/index.php\/2017\/05\/02\/evenement-conrad-gbaguidi-directeur-de-mgt-conseils-anime-conference-lentreprenariat-jeunes-benin\/\" \/>\n<meta property=\"og:locale\" content=\"fr_FR\" \/>\n<meta property=\"og:type\" content=\"article\" \/>\n<meta property=\"og:title\" content=\"\u00c9v\u00e8nement : Conrad Gbaguidi, directeur de MGT Conseils anime une conf\u00e9rence sur l&#039;entreprenariat des jeunes au B\u00e9nin - MGT Conseils\" \/>\n<meta property=\"og:description\" content=\"Conrad GBAGUIDI,\u00a0Directeur G\u00e9n\u00e9ral de l\u2019entreprise\u00a0MGT Conseils animera une conf\u00e9rence sur l\u2019entreprenariat des jeunes au B\u00e9nin. Plus de 70 apprenants sont attendus [...]\" \/>\n<meta property=\"og:url\" content=\"https:\/\/test2017.mgt-conseils.com\/index.php\/2017\/05\/02\/evenement-conrad-gbaguidi-directeur-de-mgt-conseils-anime-conference-lentreprenariat-jeunes-benin\/\" \/>\n<meta property=\"og:site_name\" content=\"MGT Conseils\" \/>\n<meta property=\"article:author\" content=\"https:\/\/www.facebook.com\/MGT.Conseils\" \/>\n<meta property=\"article:published_time\" content=\"2017-05-02T13:19:47+00:00\" \/>\n<meta property=\"article:modified_time\" content=\"2018-01-24T15:59:24+00:00\" \/>\n<meta property=\"og:image\" content=\"https:\/\/test2017.mgt-conseils.com\/wp-content\/uploads\/2017\/05\/Entreprendre1.png\" \/>\n\t<meta property=\"og:image:width\" content=\"784\" \/>\n\t<meta property=\"og:image:height\" content=\"295\" \/>\n<meta name=\"twitter:card\" content=\"summary\" \/>\n<meta name=\"twitter:label1\" content=\"Dur\u00e9e de lecture est.\">\n\t<meta name=\"twitter:data1\" content=\"2 minutes\">\n<script type=\"application\/ld+json\" class=\"yoast-schema-graph\">{\"@context\":\"https:\/\/schema.org\",\"@graph\":[{\"@type\":\"WebSite\",\"@id\":\"https:\/\/test2017.mgt-conseils.com\/#website\",\"url\":\"https:\/\/test2017.mgt-conseils.com\/\",\"name\":\"MGT Conseils\",\"description\":\"Acc\\u00e9l\\u00e9rateur de performance\",\"potentialAction\":[{\"@type\":\"SearchAction\",\"target\":\"https:\/\/test2017.mgt-conseils.com\/?s={search_term_string}\",\"query-input\":\"required name=search_term_string\"}],\"inLanguage\":\"fr-FR\"},{\"@type\":\"ImageObject\",\"@id\":\"https:\/\/test2017.mgt-conseils.com\/index.php\/2017\/05\/02\/evenement-conrad-gbaguidi-directeur-de-mgt-conseils-anime-conference-lentreprenariat-jeunes-benin\/#primaryimage\",\"inLanguage\":\"fr-FR\",\"url\":\"https:\/\/test2017.mgt-conseils.com\/wp-content\/uploads\/2017\/05\/Entreprendre1.png\",\"width\":784,\"height\":295,\"caption\":\"L'entreprenariat des jeunes en R\\u00e9publique du B\\u00e9nin le 6 mai 2017 anim\\u00e9 par Conrad GBAGUIDI\"},{\"@type\":\"WebPage\",\"@id\":\"https:\/\/test2017.mgt-conseils.com\/index.php\/2017\/05\/02\/evenement-conrad-gbaguidi-directeur-de-mgt-conseils-anime-conference-lentreprenariat-jeunes-benin\/#webpage\",\"url\":\"https:\/\/test2017.mgt-conseils.com\/index.php\/2017\/05\/02\/evenement-conrad-gbaguidi-directeur-de-mgt-conseils-anime-conference-lentreprenariat-jeunes-benin\/\",\"name\":\"\\u00c9v\\u00e8nement : Conrad Gbaguidi, directeur de MGT Conseils anime une conf\\u00e9rence sur l'entreprenariat des jeunes au B\\u00e9nin - MGT Conseils\",\"isPartOf\":{\"@id\":\"https:\/\/test2017.mgt-conseils.com\/#website\"},\"primaryImageOfPage\":{\"@id\":\"https:\/\/test2017.mgt-conseils.com\/index.php\/2017\/05\/02\/evenement-conrad-gbaguidi-directeur-de-mgt-conseils-anime-conference-lentreprenariat-jeunes-benin\/#primaryimage\"},\"datePublished\":\"2017-05-02T13:19:47+00:00\",\"dateModified\":\"2018-01-24T15:59:24+00:00\",\"author\":{\"@id\":\"https:\/\/test2017.mgt-conseils.com\/#\/schema\/person\/a6c73500327060b39f0762313dbba3fe\"},\"inLanguage\":\"fr-FR\",\"potentialAction\":[{\"@type\":\"ReadAction\",\"target\":[\"https:\/\/test2017.mgt-conseils.com\/index.php\/2017\/05\/02\/evenement-conrad-gbaguidi-directeur-de-mgt-conseils-anime-conference-lentreprenariat-jeunes-benin\/\"]}]},{\"@type\":\"Person\",\"@id\":\"https:\/\/test2017.mgt-conseils.com\/#\/schema\/person\/a6c73500327060b39f0762313dbba3fe\",\"name\":\"MGT Conseils\",\"image\":{\"@type\":\"ImageObject\",\"@id\":\"https:\/\/test2017.mgt-conseils.com\/#personlogo\",\"inLanguage\":\"fr-FR\",\"url\":\"https:\/\/secure.gravatar.com\/avatar\/82dfb93d102e3f7218386ffe16ff1c98?s=96&d=mm&r=g\",\"caption\":\"MGT Conseils\"},\"description\":\"Cabinet de Conseil et Formation pr\\u00e9sent en France et en Afrique de l\\u2019Ouest (C\\u00f4te d\\u2019Ivoire, B\\u00e9nin).\",\"sameAs\":[\"https:\/\/test2017.mgt-conseils.com\",\"https:\/\/www.facebook.com\/MGT.Conseils\"]}]}<\/script>\n<!-- \/ Yoast SEO plugin. -->","_links":{"self":[{"href":"https:\/\/test2017.mgt-conseils.com\/index.php\/wp-json\/wp\/v2\/posts\/4147"}],"collection":[{"href":"https:\/\/test2017.mgt-conseils.com\/index.php\/wp-json\/wp\/v2\/posts"}],"about":[{"href":"https:\/\/test2017.mgt-conseils.com\/index.php\/wp-json\/wp\/v2\/types\/post"}],"author":[{"embeddable":true,"href":"https:\/\/test2017.mgt-conseils.com\/index.php\/wp-json\/wp\/v2\/users\/1"}],"replies":[{"embeddable":true,"href":"https:\/\/test2017.mgt-conseils.com\/index.php\/wp-json\/wp\/v2\/comments?post=4147"}],"version-history":[{"count":11,"href":"https:\/\/test2017.mgt-conseils.com\/index.php\/wp-json\/wp\/v2\/posts\/4147\/revisions"}],"predecessor-version":[{"id":4156,"href":"https:\/\/test2017.mgt-conseils.com\/index.php\/wp-json\/wp\/v2\/posts\/4147\/revisions\/4156"}],"wp:featuredmedia":[{"embeddable":true,"href":"https:\/\/test2017.mgt-conseils.com\/index.php\/wp-json\/wp\/v2\/media\/4158"}],"wp:attachment":[{"href":"https:\/\/test2017.mgt-conseils.com\/index.php\/wp-json\/wp\/v2\/media?parent=4147"}],"wp:term":[{"taxonomy":"category","embeddable":true,"href":"https:\/\/test2017.mgt-conseils.com\/index.php\/wp-json\/wp\/v2\/categories?post=4147"},{"taxonomy":"post_tag","embeddable":true,"href":"https:\/\/test2017.mgt-conseils.com\/index.php\/wp-json\/wp\/v2\/tags?post=4147"}],"curies":[{"name":"wp","href":"https:\/\/api.w.org\/{rel}","templated":true}]}}