{"id":8514,"date":"2018-11-29T11:09:07","date_gmt":"2018-11-29T10:09:07","guid":{"rendered":"https:\/\/test2017.mgt-conseils.com\/?p=8514"},"modified":"2018-11-30T17:56:44","modified_gmt":"2018-11-30T16:56:44","slug":"mgt-conseils-participe-a-la-sif-semaine-de-linclusion-financiere-edition-2018","status":"publish","type":"post","link":"https:\/\/test2017.mgt-conseils.com\/index.php\/2018\/11\/29\/mgt-conseils-participe-a-la-sif-semaine-de-linclusion-financiere-edition-2018\/","title":{"rendered":"MGT Conseils partenaire de la BCEAO pour la Semaine de l\u2019Inclusion Financi\u00e8re au B\u00e9nin"},"content":{"rendered":"<p><img loading=\"lazy\" class=\"wp-image-8522 aligncenter\" src=\"https:\/\/test2017.mgt-conseils.com\/wp-content\/uploads\/2018\/11\/1.png\" alt=\"\" width=\"576\" height=\"288\" srcset=\"https:\/\/test2017.mgt-conseils.com\/wp-content\/uploads\/2018\/11\/1.png 1024w, https:\/\/test2017.mgt-conseils.com\/wp-content\/uploads\/2018\/11\/1-300x150.png 300w, https:\/\/test2017.mgt-conseils.com\/wp-content\/uploads\/2018\/11\/1-768x384.png 768w\" sizes=\"(max-width: 576px) 100vw, 576px\" \/><\/p>\n<p>Organis\u00e9e \u00e0 Cotonou au B\u00e9nin, par la Banque Centrale des \u00c9tats de l\u2019Afrique de l\u2019Ouest (BCEAO), la Semaine de l\u2019inclusion Financi\u00e8re est un \u00e9v\u00e8nement r\u00e9unissant les acteurs-cl\u00e9 du secteur financier de l\u2019UEMOA\u00a0: Minist\u00e8res en charge des finances, banques, syst\u00e8mes financiers d\u00e9centralis\u00e9s (SFD), \u00e9tablissements de monnaie \u00e9lectronique (EME), services postaux, Fintech, GIM-UEMOA,\u2026<\/p>\n<p>Sur la th\u00e9matique \u00ab\u00a0<strong>Inclusion financi\u00e8re : levier du d\u00e9veloppement \u00e9conomique et social<\/strong>\u00ab\u00a0, l\u2019objectif principal de la Semaine de l\u2019Inclusion Financi\u00e8re est de sensibiliser les parties-prenantes de la Finance sur l\u2019importance de g\u00e9n\u00e9raliser l\u2019utilisation des services financiers pour le d\u00e9veloppement \u00e9conomique et social des pays de l\u2019UEMOA.<\/p>\n<p>Les \u00e9changes sont men\u00e9s autour des questions suivantes :<\/p>\n<ul type=\"disc\">\n<li>Quelles sont les parties prenantes de l\u2019inclusion financi\u00e8re dans l\u2019UEMOA et quels r\u00f4les doivent-elles jouer ?<\/li>\n<li>Quelles sont les donn\u00e9es de l\u2019inclusion financi\u00e8re ? Quels sont les opportunit\u00e9s \u00e0 saisir ?<\/li>\n<li>Comment digitaliser les paiements dans les \u00c9tats membres ?<\/li>\n<li>Quels sont les dispositifs de soutien au financement des PME ? Quels sont leurs impacts sur l\u2019inclusion financi\u00e8re ?<\/li>\n<\/ul>\n<p>Repr\u00e9sent\u00e9 par son Directeur, Conrad GBAGUIDI, MGT Conseils prend part aux d\u00e9bats et aux r\u00e9flexions en intervenant sur <strong>l\u2019acc\u00e8s et l\u2019utilisation des services financiers\u00a0par les populations les plus vuln\u00e9rables<\/strong>.<\/p>\n<p>Entour\u00e9 notamment de Maurille COUTHON (Directeur G\u00e9n\u00e9ral de l\u2019ADAPAMI), Cl\u00e9ment YADONTA (Vice Pr\u00e9sident APSFD) et Camille OGOUSSAN (DG de la Microfinance \u2013 MASMF), il aborde les probl\u00e9matiques de l\u2019acc\u00e8s et de l\u2019utilisation des services financiers par les jeunes dans leur projet de cr\u00e9ation d\u2019entreprise.<\/p>\n<p>Il met aussi l\u2019accent sur le manque d\u2019adh\u00e9sion bancaire observ\u00e9 chez les femmes et les agriculteurs malgr\u00e9 les innovations telles que les Fintech, MobileMoney.<\/p>\n<h2>La Semaine de l\u2019Inclusion Financi\u00e8re s\u2019adresse aussi directement aux Jeunes b\u00e9ninois<\/h2>\n<p class=\"x_MsoNormal\">Des s\u00e9ances de sensibilisation sur les bonnes pratiques en mati\u00e8re d\u2019\u00e9pargne et d\u2019entrepreneuriat sont anim\u00e9es \u00e0 l\u2019intention des jeunes de certains coll\u00e8ges et universit\u00e9s. A ce titre, Conrad GBAGUIDI anime une conf\u00e9rence-d\u00e9bat sur le th\u00e8me de <b>la cr\u00e9ation d\u2019entreprise quand on est jeune au B\u00e9nin.<\/b><\/p>\n<p><img loading=\"lazy\" class=\"wp-image-8523 aligncenter\" src=\"https:\/\/test2017.mgt-conseils.com\/wp-content\/uploads\/2018\/11\/2.png\" alt=\"\" width=\"576\" height=\"288\" srcset=\"https:\/\/test2017.mgt-conseils.com\/wp-content\/uploads\/2018\/11\/2.png 1024w, https:\/\/test2017.mgt-conseils.com\/wp-content\/uploads\/2018\/11\/2-300x150.png 300w, https:\/\/test2017.mgt-conseils.com\/wp-content\/uploads\/2018\/11\/2-768x384.png 768w\" sizes=\"(max-width: 576px) 100vw, 576px\" \/><\/p>\n","protected":false},"excerpt":{"rendered":"<p>Organis\u00e9e \u00e0 Cotonou au B\u00e9nin, par la Banque Centrale des \u00c9tats de l\u2019Afrique de l\u2019Ouest (BCEAO), la Semaine de l\u2019inclusion [&hellip;]<\/p>\n","protected":false},"author":1,"featured_media":0,"comment_status":"open","ping_status":"open","sticky":false,"template":"","format":"standard","meta":[],"categories":[1],"tags":[],"yoast_head":"<!-- This site is optimized with the Yoast SEO plugin v15.6.2 - https:\/\/yoast.com\/wordpress\/plugins\/seo\/ -->\n<title>MGT Conseils partenaire de la BCEAO pour la Semaine de l\u2019Inclusion Financi\u00e8re au B\u00e9nin - MGT Conseils<\/title>\n<meta name=\"robots\" content=\"index, follow, max-snippet:-1, max-image-preview:large, max-video-preview:-1\" \/>\n<link rel=\"canonical\" href=\"https:\/\/test2017.mgt-conseils.com\/index.php\/2018\/11\/29\/mgt-conseils-participe-a-la-sif-semaine-de-linclusion-financiere-edition-2018\/\" \/>\n<meta property=\"og:locale\" content=\"fr_FR\" \/>\n<meta property=\"og:type\" content=\"article\" \/>\n<meta property=\"og:title\" content=\"MGT Conseils partenaire de la BCEAO pour la Semaine de l\u2019Inclusion Financi\u00e8re au B\u00e9nin - MGT Conseils\" \/>\n<meta property=\"og:description\" content=\"Organis\u00e9e \u00e0 Cotonou au B\u00e9nin, par la Banque Centrale des \u00c9tats de l\u2019Afrique de l\u2019Ouest (BCEAO), la Semaine de l\u2019inclusion [&hellip;]\" \/>\n<meta property=\"og:url\" content=\"https:\/\/test2017.mgt-conseils.com\/index.php\/2018\/11\/29\/mgt-conseils-participe-a-la-sif-semaine-de-linclusion-financiere-edition-2018\/\" \/>\n<meta property=\"og:site_name\" content=\"MGT Conseils\" \/>\n<meta property=\"article:author\" content=\"https:\/\/www.facebook.com\/MGT.Conseils\" \/>\n<meta property=\"article:published_time\" content=\"2018-11-29T10:09:07+00:00\" \/>\n<meta property=\"article:modified_time\" content=\"2018-11-30T16:56:44+00:00\" \/>\n<meta property=\"og:image\" content=\"https:\/\/test2017.mgt-conseils.com\/wp-content\/uploads\/2018\/11\/1.png\" \/>\n<meta name=\"twitter:card\" content=\"summary\" \/>\n<meta name=\"twitter:label1\" content=\"Dur\u00e9e de lecture est.\">\n\t<meta name=\"twitter:data1\" content=\"2 minutes\">\n<script type=\"application\/ld+json\" class=\"yoast-schema-graph\">{\"@context\":\"https:\/\/schema.org\",\"@graph\":[{\"@type\":\"WebSite\",\"@id\":\"https:\/\/test2017.mgt-conseils.com\/#website\",\"url\":\"https:\/\/test2017.mgt-conseils.com\/\",\"name\":\"MGT Conseils\",\"description\":\"Acc\\u00e9l\\u00e9rateur de performance\",\"potentialAction\":[{\"@type\":\"SearchAction\",\"target\":\"https:\/\/test2017.mgt-conseils.com\/?s={search_term_string}\",\"query-input\":\"required name=search_term_string\"}],\"inLanguage\":\"fr-FR\"},{\"@type\":\"ImageObject\",\"@id\":\"https:\/\/test2017.mgt-conseils.com\/index.php\/2018\/11\/29\/mgt-conseils-participe-a-la-sif-semaine-de-linclusion-financiere-edition-2018\/#primaryimage\",\"inLanguage\":\"fr-FR\",\"url\":\"https:\/\/test2017.mgt-conseils.com\/wp-content\/uploads\/2018\/11\/1.png\",\"width\":1024,\"height\":512},{\"@type\":\"WebPage\",\"@id\":\"https:\/\/test2017.mgt-conseils.com\/index.php\/2018\/11\/29\/mgt-conseils-participe-a-la-sif-semaine-de-linclusion-financiere-edition-2018\/#webpage\",\"url\":\"https:\/\/test2017.mgt-conseils.com\/index.php\/2018\/11\/29\/mgt-conseils-participe-a-la-sif-semaine-de-linclusion-financiere-edition-2018\/\",\"name\":\"MGT Conseils partenaire de la BCEAO pour la Semaine de l\\u2019Inclusion Financi\\u00e8re au B\\u00e9nin - MGT Conseils\",\"isPartOf\":{\"@id\":\"https:\/\/test2017.mgt-conseils.com\/#website\"},\"primaryImageOfPage\":{\"@id\":\"https:\/\/test2017.mgt-conseils.com\/index.php\/2018\/11\/29\/mgt-conseils-participe-a-la-sif-semaine-de-linclusion-financiere-edition-2018\/#primaryimage\"},\"datePublished\":\"2018-11-29T10:09:07+00:00\",\"dateModified\":\"2018-11-30T16:56:44+00:00\",\"author\":{\"@id\":\"https:\/\/test2017.mgt-conseils.com\/#\/schema\/person\/a6c73500327060b39f0762313dbba3fe\"},\"inLanguage\":\"fr-FR\",\"potentialAction\":[{\"@type\":\"ReadAction\",\"target\":[\"https:\/\/test2017.mgt-conseils.com\/index.php\/2018\/11\/29\/mgt-conseils-participe-a-la-sif-semaine-de-linclusion-financiere-edition-2018\/\"]}]},{\"@type\":\"Person\",\"@id\":\"https:\/\/test2017.mgt-conseils.com\/#\/schema\/person\/a6c73500327060b39f0762313dbba3fe\",\"name\":\"MGT Conseils\",\"image\":{\"@type\":\"ImageObject\",\"@id\":\"https:\/\/test2017.mgt-conseils.com\/#personlogo\",\"inLanguage\":\"fr-FR\",\"url\":\"https:\/\/secure.gravatar.com\/avatar\/82dfb93d102e3f7218386ffe16ff1c98?s=96&d=mm&r=g\",\"caption\":\"MGT Conseils\"},\"description\":\"Cabinet de Conseil et Formation pr\\u00e9sent en France et en Afrique de l\\u2019Ouest (C\\u00f4te d\\u2019Ivoire, B\\u00e9nin).\",\"sameAs\":[\"https:\/\/test2017.mgt-conseils.com\",\"https:\/\/www.facebook.com\/MGT.Conseils\"]}]}<\/script>\n<!-- \/ Yoast SEO plugin. -->","_links":{"self":[{"href":"https:\/\/test2017.mgt-conseils.com\/index.php\/wp-json\/wp\/v2\/posts\/8514"}],"collection":[{"href":"https:\/\/test2017.mgt-conseils.com\/index.php\/wp-json\/wp\/v2\/posts"}],"about":[{"href":"https:\/\/test2017.mgt-conseils.com\/index.php\/wp-json\/wp\/v2\/types\/post"}],"author":[{"embeddable":true,"href":"https:\/\/test2017.mgt-conseils.com\/index.php\/wp-json\/wp\/v2\/users\/1"}],"replies":[{"embeddable":true,"href":"https:\/\/test2017.mgt-conseils.com\/index.php\/wp-json\/wp\/v2\/comments?post=8514"}],"version-history":[{"count":13,"href":"https:\/\/test2017.mgt-conseils.com\/index.php\/wp-json\/wp\/v2\/posts\/8514\/revisions"}],"predecessor-version":[{"id":8598,"href":"https:\/\/test2017.mgt-conseils.com\/index.php\/wp-json\/wp\/v2\/posts\/8514\/revisions\/8598"}],"wp:attachment":[{"href":"https:\/\/test2017.mgt-conseils.com\/index.php\/wp-json\/wp\/v2\/media?parent=8514"}],"wp:term":[{"taxonomy":"category","embeddable":true,"href":"https:\/\/test2017.mgt-conseils.com\/index.php\/wp-json\/wp\/v2\/categories?post=8514"},{"taxonomy":"post_tag","embeddable":true,"href":"https:\/\/test2017.mgt-conseils.com\/index.php\/wp-json\/wp\/v2\/tags?post=8514"}],"curies":[{"name":"wp","href":"https:\/\/api.w.org\/{rel}","templated":true}]}}